{"id":5984,"date":"2024-02-13T12:47:00","date_gmt":"2024-02-13T12:47:00","guid":{"rendered":"https:\/\/viiiconference.ruralforum.org\/?p=5984"},"modified":"2024-02-13T13:06:39","modified_gmt":"2024-02-13T13:06:39","slug":"des-dirigeants-et-dirigentes-des-cinq-continents-se-rencontrent-lors-de-la-viiie-conference-mondiale-sur-lagriculture-familiale","status":"publish","type":"post","link":"https:\/\/viiiconference.ruralforum.org\/fr\/des-dirigeants-et-dirigentes-des-cinq-continents-se-rencontrent-lors-de-la-viiie-conference-mondiale-sur-lagriculture-familiale\/","title":{"rendered":"DES DIRIGEANTS ET DIRIGENTES DES CINQ CONTINENTS SE RENCONTRENT LORS DE LA VIIIe CONFERENCE MONDIALE SUR L&rsquo;AGRICULTURE FAMILIALE"},"content":{"rendered":"<p>La <a href=\"mailto:https:\/\/viiiconference.ruralforum.org\/fr\/\">VIIIe Conf\u00e9rence Mondiale sur l&rsquo;Agriculture Familiale : la Durabilit\u00e9 de notre Plan\u00e8te<\/a>, organis\u00e9e par le Forum Rural Mondial, approche \u00e0 grands pas. Elle r\u00e9unira des responsables de l&rsquo;agriculture familiale des cinq continents, des repr\u00e9sentants de gouvernements, d&rsquo;institutions internationales, de centres de recherche, de fondations, d&rsquo;organisations de consommateurs, de jeunes et de femmes agricultrices. Elle aura lieu du 19 au 21 mars 2024 \u00e0 Vitoria-Gasteiz, au Pays Basque, en Espagne.<\/p>\n<p>Parmi les quelque 150 personnes de plus de 60 pays qui participeront \u00e0 la Conf\u00e9rence, on trouvera des personnalit\u00e9s de premier plan telles que le Commissaire Europ\u00e9en \u00e0 l&rsquo;Agriculture et au D\u00e9veloppement Rural, M. Wojciechowski ; la Commissaire \u00e0 l&rsquo;Agriculture, au D\u00e9veloppement Rural, \u00e0 l&rsquo;\u00c9conomie Bleue et \u00e0 l&rsquo;Environnement Durable de l&rsquo;Union Africaine, Mme Sacko ; le Ministre du D\u00e9veloppement Agricole du Br\u00e9sil, M. Teixeira ; ou le Pr\u00e9sident du Fonds International de D\u00e9veloppement Agricole des Nations Unies (FIDA), M. Lario, parmi d&rsquo;autres. Le programme peut \u00eatre consult\u00e9 <a href=\"https:\/\/viiiconference.ruralforum.org\/fr\/programme\/\">ici<\/a>.<\/p>\n<p>La Conf\u00e9rence sera un espace unique pour d\u00e9finir et renforcer les engagements n\u00e9cessaires pour que l&rsquo;agriculture familiale joue un r\u00f4le de premier plan face aux d\u00e9fis mondiaux, tels que la crise climatique, la perte de biodiversit\u00e9 ou la durabilit\u00e9 des syst\u00e8mes alimentaires.<\/p>\n<p>Cinq ans apr\u00e8s le d\u00e9but de la <a href=\"mailto:https:\/\/www.familyfarmingcampaign.org\/fr\/\">D\u00e9cennie des Nations Unies pour l&rsquo;Agriculture Familiale 2019-2028 (DNUAF)<\/a>, la VIIIe Conf\u00e9rence Mondiale sur l&rsquo;Agriculture Familiale offre une occasion unique de r\u00e9fl\u00e9chir aux principales r\u00e9alisations, d&rsquo;analyser les d\u00e9fis interconnect\u00e9s auxquels l&rsquo;agriculture familiale est confront\u00e9e et qui se sont r\u00e9cemment aggrav\u00e9s, et d&rsquo;identifier les actions prioritaires et catalytiques pour intensifier la mise en \u0153uvre de la DNUAF en r\u00e9ponse \u00e0 ces d\u00e9fis auxquels sont confront\u00e9s non seulement l&rsquo;agriculture, mais aussi l&rsquo;humanit\u00e9 dans son ensemble.<\/p>\n<p>Ainsi, le programme de la premi\u00e8re journ\u00e9e sera particuli\u00e8rement ax\u00e9 sur le bilan de la D\u00e9cennie d\u00e9clar\u00e9e par l&rsquo;ONU pr\u00e9cis\u00e9ment pour assurer la promotion de ce type d&rsquo;agriculture. Dans ce sens, et comme les espaces express\u00e9ment reconnus dans la d\u00e9claration de la DNUAF, un \u00e9v\u00e9nement sp\u00e9cial sera organis\u00e9 sur la <a href=\"mailto:https:\/\/www.familyfarmingcampaign.org\/fr\/plataformas-de-dialogo\/\">contribution des Comit\u00e9s Nationaux de l&rsquo;Agriculture Familiale (CNAF)<\/a> dans l&rsquo;am\u00e9lioration des politiques publiques en faveur du secteur.<\/p>\n<p>La promotion de la jeunesse rurale et l&rsquo;autonomisation des femmes seront particuli\u00e8rement importantes le deuxi\u00e8me et le troisi\u00e8me jour respectivement, lorsque la Conf\u00e9rence leur remettra la direction de l\u2019\u00e9v\u00e8nement. En outre, la Conf\u00e9rence sera le porte-voix de l&rsquo;appel \u00e0 la proclamation d&rsquo;une <strong>Journ\u00e9e Internationale des Nations Unies pour la Jeunesse Rurale<\/strong>.<\/p>\n<p>Les discussions et les accords sur les nouveaux partenariats possibles pour relever les d\u00e9fis environnementaux, sociaux et alimentaires, le r\u00f4le des organisations paysannes familiales dans la r\u00e9ponse au climat, le r\u00e9gime foncier, le partenariat et le coop\u00e9rativisme, et les cha\u00eenes de valeur, ou encore la recherche participative et les processus de co-innovation pour une production alimentaire durable seront quelques-uns des \u00e9l\u00e9ments du d\u00e9bat et des recommandations qui \u00e9maneront de la Conf\u00e9rence.<\/p>\n<p>Avec des intervenants et des participants tr\u00e8s pertinents et comp\u00e9tents et un programme qui cherche \u00e0 aborder les questions critiques pour l&rsquo;avenir de notre plan\u00e8te, la VIIIe Conf\u00e9rence Mondiale sur l&rsquo;Agriculture Familiale promet d&rsquo;\u00eatre un appel mondial \u00e0 l&rsquo;action, une plateforme de collaboration et une occasion pour les personnes les plus repr\u00e9sentatives dans le domaine de l&rsquo;agriculture familiale du monde entier de relever ensemble les d\u00e9fis les plus pressants de notre \u00e9poque.<\/p>\n<p>Le programme est d\u00e9sormais disponible sur le <a href=\"mailto:https:\/\/viiiconference.ruralforum.org\/fr\/\">site web de la Conf\u00e9rence<\/a>, o\u00f9 vous pouvez obtenir plus de d\u00e9tails sur chaque session et vous inscrire (si vous ne l&rsquo;avez pas encore fait).<\/p>\n","protected":false},"excerpt":{"rendered":"<p>La VIIIe Conf\u00e9rence Mondiale sur l&rsquo;Agriculture Familiale : la Durabilit\u00e9 de notre Plan\u00e8te, organis\u00e9e par le Forum Rural Mondial, approche \u00e0 grands pas. Elle r\u00e9unira des responsables de l&rsquo;agriculture familiale des cinq continents, des repr\u00e9sentants de gouvernements, d&rsquo;institutions internationales, de centres de recherche, de fondations, d&rsquo;organisations de consommateurs, de jeunes et de femmes agricultrices. Elle [&hellip;]<\/p>\n","protected":false},"author":2,"featured_media":0,"comment_status":"closed","ping_status":"closed","sticky":false,"template":"","format":"standard","meta":{"footnotes":""},"categories":[55],"tags":[],"class_list":["post-5984","post","type-post","status-publish","format-standard","hentry","category-non-classifiee"],"_links":{"self":[{"href":"https:\/\/viiiconference.ruralforum.org\/fr\/wp-json\/wp\/v2\/posts\/5984","targetHints":{"allow":["GET"]}}],"collection":[{"href":"https:\/\/viiiconference.ruralforum.org\/fr\/wp-json\/wp\/v2\/posts"}],"about":[{"href":"https:\/\/viiiconference.ruralforum.org\/fr\/wp-json\/wp\/v2\/types\/post"}],"author":[{"embeddable":true,"href":"https:\/\/viiiconference.ruralforum.org\/fr\/wp-json\/wp\/v2\/users\/2"}],"replies":[{"embeddable":true,"href":"https:\/\/viiiconference.ruralforum.org\/fr\/wp-json\/wp\/v2\/comments?post=5984"}],"version-history":[{"count":4,"href":"https:\/\/viiiconference.ruralforum.org\/fr\/wp-json\/wp\/v2\/posts\/5984\/revisions"}],"predecessor-version":[{"id":6227,"href":"https:\/\/viiiconference.ruralforum.org\/fr\/wp-json\/wp\/v2\/posts\/5984\/revisions\/6227"}],"wp:attachment":[{"href":"https:\/\/viiiconference.ruralforum.org\/fr\/wp-json\/wp\/v2\/media?parent=5984"}],"wp:term":[{"taxonomy":"category","embeddable":true,"href":"https:\/\/viiiconference.ruralforum.org\/fr\/wp-json\/wp\/v2\/categories?post=5984"},{"taxonomy":"post_tag","embeddable":true,"href":"https:\/\/viiiconference.ruralforum.org\/fr\/wp-json\/wp\/v2\/tags?post=5984"}],"curies":[{"name":"wp","href":"https:\/\/api.w.org\/{rel}","templated":true}]}}