{"id":7160,"date":"2024-03-14T09:41:31","date_gmt":"2024-03-14T09:41:31","guid":{"rendered":"https:\/\/viiiconference.ruralforum.org\/?p=7160"},"modified":"2024-04-22T09:03:40","modified_gmt":"2024-04-22T09:03:40","slug":"la-viiie-conference-globale-sur-lagriculture-familiale-se-rapproche","status":"publish","type":"post","link":"https:\/\/viiiconference.ruralforum.org\/fr\/la-viiie-conference-globale-sur-lagriculture-familiale-se-rapproche\/","title":{"rendered":"LA VIIIE CONFERENCE GLOBALE SUR L&rsquo;AGRICULTURE FAMILIALE RAPPROCHE"},"content":{"rendered":"<p><strong>La Conf\u00e9rence, qui se tient \u00e0 mi-parcours de la p\u00e9riode de mise en \u0153uvre de la D\u00e9cennie des Nations Unies pour l&rsquo;Agriculture Familiale (DNUAF 2019-2028), r\u00e9unira pr\u00e8s de 200 participants de haut niveau venant de plus de 55 pays pour discuter des d\u00e9fis divers, complexes et interconnect\u00e9s auxquels l&rsquo;agriculture familiale du monde entier se confronte, ainsi que des propositions pour assurer la durabilit\u00e9 &#8211; \u00e9conomique, sociale et environnementale &#8211; de la plan\u00e8te.<\/strong><\/p>\n<p><strong>Le 14 mars 2024 &#8211;<\/strong> \u00c0 moins d&rsquo;une semaine du d\u00e9but, le Forum Rural Mondial finalise les derniers d\u00e9tails de sa <a href=\"https:\/\/viiiconference.ruralforum.org\/\"><strong>VIIIe Conf\u00e9rence Globale sur l&rsquo;Agriculture Familiale: Durabilit\u00e9 de Notre Plan\u00e8te<\/strong><\/a>, qui se tiendra du 19 au 21 mars au Palais des Congr\u00e8s \u00a0Europa de Vitoria-Gasteiz, Pays Basque (Espagne).<\/p>\n<p>La VIIIe Conf\u00e9rence Globale se d\u00e9roule \u00e0 un moment crucial, lorsque l&rsquo;agriculture familiale du monde entier affronte un certain nombre de graves d\u00e9fis interconnect\u00e9s, tels que la crise climatique, le co\u00fbt \u00e9lev\u00e9 des intrants de production, le manque de reconnaissance sociale, et bien d&rsquo;autres encore.<\/p>\n<p>En ce sens, la Conf\u00e9rence abordera les engagements, les alliances, les strat\u00e9gies et les mesures les plus efficaces pour renforcer l&rsquo;agriculture familiale, tout en contribuant de mani\u00e8re d\u00e9cisive \u00e0 la r\u00e9solution des d\u00e9fis \u00e0 caract\u00e8re mondial, tels que la crise climatique, la durabilit\u00e9 des syst\u00e8mes alimentaires et les in\u00e9galit\u00e9s.<\/p>\n<p><strong>La Conf\u00e9rence r\u00e9unira pr\u00e8s de 200 repr\u00e9sentants de haut niveau d&rsquo;organisations d&rsquo;agriculture familiale, de gouvernements, d&rsquo;organisations internationales, de centres de recherche, de fondations et d&rsquo;autres acteurs, tels que les consommateurs, les organisations de jeunes agriculteurs et de femmes, des cinq continents. <\/strong>Elle aura pour objectif de faire reconna\u00eetre le r\u00f4le central, strat\u00e9gique et global de l&rsquo;agriculture familiale dans la transformation des futurs syst\u00e8mes alimentaires, ainsi que dans le d\u00e9veloppement rural, les strat\u00e9gies d&rsquo;adaptation au changement climatique, la pr\u00e9servation de la nature et la lutte contre les in\u00e9galit\u00e9s, parmi d&rsquo;autres grands d\u00e9fis.<\/p>\n<p>Apr\u00e8s la c\u00e9r\u00e9monie d&rsquo;inauguration institutionnelle, la premi\u00e8re journ\u00e9e sera marqu\u00e9e par des contributions importantes telles que celles de <strong>M. \u00c1lvaro Lario<\/strong>, Pr\u00e9sident du Fonds International de D\u00e9veloppement Agricole (FIDA) ; <strong>Mme Marcela Villarreal<\/strong>, Directrice de la Division des Partenariats et des Collaborations avec les Nations Unies de l&rsquo;Organisation des Nations Unies pour l&rsquo;Alimentation et l&rsquo;Agriculture (FAO) ; <strong>M. Mario Arvelo<\/strong>, Pr\u00e9sident du Comit\u00e9 Directeur International de la D\u00e9cennie des Nations Unies pour l&rsquo;Agriculture Familiale (DNUAF) et Ambassadeur de la R\u00e9publique Dominicaine aupr\u00e8s de l&rsquo;ONU \u00e0 Rome ; et <strong>M. Alberto Broch<\/strong>, Pr\u00e9sident de COPROFAM et Vice-Pr\u00e9sident du FRM. \u00c9galement, elle servira \u00e0 souligner les progr\u00e8s et les d\u00e9fis \u00e0 relever pour atteindre les objectifs fix\u00e9s dans la <a href=\"https:\/\/www.familyfarmingcampaign.org\/\">D\u00e9cennie des Nations Unies pour l&rsquo;Agriculture Familiale<\/a>.<\/p>\n<p>Veuillez trouver le programme complet de la Conf\u00e9rence <a href=\"https:\/\/viiiconference.ruralforum.org\/fr\/programme\/\">ici<\/a><\/p>\n","protected":false},"excerpt":{"rendered":"<p>La Conf\u00e9rence, qui se tient \u00e0 mi-parcours de la p\u00e9riode de mise en \u0153uvre de la D\u00e9cennie des Nations Unies pour l&rsquo;Agriculture Familiale (DNUAF 2019-2028), r\u00e9unira pr\u00e8s de 200 participants de haut niveau venant de plus de 55 pays pour discuter des d\u00e9fis divers, complexes et interconnect\u00e9s auxquels l&rsquo;agriculture familiale du monde entier se confronte, [&hellip;]<\/p>\n","protected":false},"author":2,"featured_media":0,"comment_status":"closed","ping_status":"closed","sticky":false,"template":"","format":"standard","meta":{"footnotes":""},"categories":[55],"tags":[],"class_list":["post-7160","post","type-post","status-publish","format-standard","hentry","category-non-classifiee"],"_links":{"self":[{"href":"https:\/\/viiiconference.ruralforum.org\/fr\/wp-json\/wp\/v2\/posts\/7160","targetHints":{"allow":["GET"]}}],"collection":[{"href":"https:\/\/viiiconference.ruralforum.org\/fr\/wp-json\/wp\/v2\/posts"}],"about":[{"href":"https:\/\/viiiconference.ruralforum.org\/fr\/wp-json\/wp\/v2\/types\/post"}],"author":[{"embeddable":true,"href":"https:\/\/viiiconference.ruralforum.org\/fr\/wp-json\/wp\/v2\/users\/2"}],"replies":[{"embeddable":true,"href":"https:\/\/viiiconference.ruralforum.org\/fr\/wp-json\/wp\/v2\/comments?post=7160"}],"version-history":[{"count":4,"href":"https:\/\/viiiconference.ruralforum.org\/fr\/wp-json\/wp\/v2\/posts\/7160\/revisions"}],"predecessor-version":[{"id":7661,"href":"https:\/\/viiiconference.ruralforum.org\/fr\/wp-json\/wp\/v2\/posts\/7160\/revisions\/7661"}],"wp:attachment":[{"href":"https:\/\/viiiconference.ruralforum.org\/fr\/wp-json\/wp\/v2\/media?parent=7160"}],"wp:term":[{"taxonomy":"category","embeddable":true,"href":"https:\/\/viiiconference.ruralforum.org\/fr\/wp-json\/wp\/v2\/categories?post=7160"},{"taxonomy":"post_tag","embeddable":true,"href":"https:\/\/viiiconference.ruralforum.org\/fr\/wp-json\/wp\/v2\/tags?post=7160"}],"curies":[{"name":"wp","href":"https:\/\/api.w.org\/{rel}","templated":true}]}}